{"id":1120,"date":"2024-05-12T08:30:13","date_gmt":"2024-05-12T08:30:13","guid":{"rendered":"https:\/\/www.auroratalo.fi\/?p=1120"},"modified":"2024-05-12T08:33:04","modified_gmt":"2024-05-12T08:33:04","slug":"kevatjuhlat-traskandassa-2024","status":"publish","type":"post","link":"https:\/\/www.auroratalo.fi\/?p=1120","title":{"rendered":"Kev\u00e4tjuhlat Tr\u00e4sk\u00e4ndassa 2024"},"content":{"rendered":"\n<p><\/p>\n\n\n\n<ul class=\"wp-block-list\">\n<li>La 18.5. klo 10\u201316 Kev\u00e4t Tr\u00e4sk\u00e4ndassa<\/li>\n<\/ul>\n\n\n\n<p><\/p>\n\n\n\n<p><strong>Ohjelma<\/strong><br>(muutokset mahdollisia)<\/p>\n\n\n\n<figure class=\"wp-block-image is-resized\"><img decoding=\"async\" src=\"https:\/\/traskandankartano.fi\/wp-content\/uploads\/2024\/05\/Kevat-Traskandassa-2024-tapahtumakartta_-1024x822.png\" alt=\"\" class=\"wp-image-753\" style=\"width:840px;height:auto\"\/><\/figure>\n\n\n\n<p><strong>klo 10\u201314<\/strong><\/p>\n\n\n\n<p><strong>1. Lasten kulttuurikeskus Auroran ohjelma<\/strong><br>Meijeri, Taidetalo, Ympyr\u00e4lava ja pihapiiri<br><a href=\"https:\/\/fb.me\/e\/16aF8IAuX\">Lastenkulttuurin juhlaviikko 13.-19.5.2024<\/a><\/p>\n\n\n\n<ul class=\"wp-block-list\">\n<li><strong>Kev\u00e4\u00e4n kukat kurkkaa-taidepaja<\/strong>, ulkona<\/li>\n\n\n\n<li><strong><a href=\"https:\/\/fb.me\/e\/4l5MLi0dT\">Onni on olla -n\u00e4yttely ja leikkitila<\/a><\/strong>, Taidetalo, Perustuu Sanna Pelliccionin kuvakirjasarjaan Onni poika<\/li>\n\n\n\n<li><strong>Sin\u00e4, Min\u00e4 &amp; Me \u2013ty\u00f6pajan teoksia n\u00e4yttely<\/strong>, Galleria (Espoon kuvataidekoulu)<\/li>\n\n\n\n<li><strong>Hunaja Cafe<\/strong>, Meijeri<\/li>\n<\/ul>\n\n\n\n<p><strong>klo 12-12.30<\/strong><\/p>\n\n\n\n<ul class=\"wp-block-list\">\n<li><strong><a href=\"https:\/\/www.facebook.com\/events\/1110578050382572\/\">Tarinaveturi \u2013esitys<\/a> <\/strong>ympyr\u00e4lava (SUPER teatteri)<\/li>\n<\/ul>\n\n\n\n<p><strong>Tr\u00e4sk\u00e4ndan kartanopuiston ohjelma<\/strong><\/p>\n\n\n\n<p><strong>klo 1<\/strong>0<\/p>\n\n\n\n<p><strong>2. Tapahtuman avaus ja kev\u00e4isi\u00e4 lauluja<\/strong>, Auroratalon edusta<\/p>\n\n\n\n<p><strong>klo 10\u201314<\/strong><\/p>\n\n\n\n<p><strong>3. Luomutaidepolku, <\/strong>kartanopuisto ja kappeli (Tuula Sekmeth\u2122)<\/p>\n\n\n\n<ul class=\"wp-block-list\">\n<li>Ilmaiset luomuk\u00e4\u00e4retorttuteet affirmonnin toteuttajille<\/li>\n\n\n\n<li>Polulla p\u00e4\u00e4see hahmottelemaan kalalajien muotoja, maalaamaan frottaaseja lasten kanssa leikkuulaudoilta ja kokeilemaan puulle piirt\u00e4mist\u00e4, esill\u00e4 taidegrafiikkaa, joka on tulostettu Tr\u00e4sk\u00e4ndan ikikuusilaatalta.<\/li>\n\n\n\n<li>Mukana mm. Leikkuulautavonkale -teoksia J\u00e4rvenper\u00e4n koululta, Pekka Leivolta, Norlandia K\u00e4rryst\u00e4, Nurmij\u00e4rvelt\u00e4, affirmoinnin tekij\u00f6ille luomuk\u00e4\u00e4retorttua ja teet\u00e4. Tule ideoimaan kalataidettasi pyykkipoikanarullemme.<\/li>\n\n\n\n<li><strong>Klo 11 luomutaidepolun esitys kappelissa:<\/strong> Luomutaidepolun avaussanat, Leikkuulautavonkaleen ja EU Leader EMO ry:n C.H.I.L.D kuulumisia,&nbsp;Sakken, Riston ja Mikon 14v Leikkuulautavonkala -teos ja kannanotto puhtaan ymp\u00e4rist\u00f6n puolesta. Sitran el\u00e4m\u00e4ntapatesti tukee tapahtumia.<\/li>\n\n\n\n<li><a href=\"https:\/\/fb.me\/e\/gKbudxO21\" target=\"_blank\" rel=\"noreferrer noopener\">https:\/\/fb.me\/e\/gKbudxO21<\/a><\/li>\n<\/ul>\n\n\n\n<p><strong>4. Botticellin kev\u00e4t -yhteismaalauspaja<\/strong>, kurssitila (Espoon Taiteilijakilta ry)<\/p>\n\n\n\n<p><strong>klo 10\u201316<\/strong><\/p>\n\n\n\n<p><strong>5. Maalausta (tule maalaamaan!), <\/strong>Auroratalon edusta (Tr\u00e4sk\u00e4ndan kartanon yst\u00e4v\u00e4t ry ja Espoo Art)<\/p>\n\n\n\n<p><strong>6. Tr\u00e4sk\u00e4ndan haitallisten vieraslajien esittely, <\/strong>Auroratalon edusta (Espoon ymp\u00e4rist\u00f6yhdistys ry)<\/p>\n\n\n\n<p><strong>7. Roskien lajittelupeli eli Kakkakoris<\/strong>, Auroratalon edusta (HSY) (osa Luomutaidepolkua)<\/p>\n\n\n\n<p><strong>8. Kepparirata<\/strong>, Auroratalon edusta (Auroran koulu)<\/p>\n\n\n\n<p><strong>9. S\u00e4hk\u00f6py\u00f6rien ja tavallisten py\u00f6rien esittely, <\/strong>(eMotorgarage)<\/p>\n\n\n\n<p><strong>10. Taiden\u00e4yttely<\/strong>, Aurorasali ja k\u00e4yt\u00e4v\u00e4t (Espoo Art)<\/p>\n\n\n\n<p><strong>11. Kirjamyynti<\/strong>, kanttiini (Espoon perinneseura)<\/p>\n\n\n\n<p><strong>12. Kahvila<\/strong>, kanttiini (Auroran koulun 5K-luokka, leirikouluker\u00e4ys)<\/p>\n\n\n\n<p><strong>13. Grilli<\/strong>, Auroratalon edusta (Auroran koulun 4K-luokka, leirikouluker\u00e4ys)<\/p>\n\n\n\n<p><strong>klo 14.30\u201315.30<\/strong><\/p>\n\n\n\n<p><strong>14. Ekovakausk\u00e4vely, <\/strong>l\u00e4ht\u00f6 kartanon p\u00e4\u00e4ovilta (Ekovakaus)<\/p>\n\n\n\n<p><strong>LIS\u00c4TIETOJA<\/strong><\/p>\n\n\n\n<p>Tapahtumasta voi kysy\u00e4 lis\u00e4\u00e4 s\u00e4hk\u00f6postitse <a href=\"mailto:info@traskandankartano.fi\">info@traskandankartano.fi<\/a>.<\/p>\n\n\n\n<p><strong>TAPAHTUMAA TUKEE<\/strong><\/p>\n\n\n\n<p><a href=\"https:\/\/www.espoo.fi\/fi\/kulttuuriespoo-kulttuuritarjonta-samassa-osoitteessa\">Espoon kaupungin<\/a> kulttuurin projektivustus mahdollistaa tapahtuman j\u00e4rjest\u00e4misen.<\/p>\n\n\n\n<p><a href=\"https:\/\/www.mushrooming.fi\/fi\/listings\/1675144-aurorakeskus-tyo-slash-tapahtuma-slash-taiteilijatiloja\">Monoma<\/a><a href=\"https:\/\/www.mushrooming.fi\/fi\/listings\/1675144-aurorakeskus-tyo-slash-tapahtuma-slash-taiteilijatiloja\"> Finland<\/a> tukee tapahtuman j\u00e4rjest\u00e4mist\u00e4 Auroratalon tiloissa. Lue lis\u00e4\u00e4 <a href=\"https:\/\/www.auroratalo.fi\/?p=1027\">Auroratalosta (auroratalo.fi)<\/a> ja sen toimijoista ja varaa tiloja.<\/p>\n\n\n\n<p><strong>SAAPUMISOHJEET<\/strong><\/p>\n\n\n\n<p>Tapahtuma j\u00e4rjestet\u00e4\u00e4n Tr\u00e4sk\u00e4ndan kartanonpuistossa ja sen rakennuksissa Auroratalossa ja Kappelissa sek\u00e4 Lasten kulttuurikeskus Aurorassa.<\/p>\n\n\n\n<p>Suosittelemme saapumista k\u00e4vellen, py\u00f6r\u00e4ll\u00e4 tai bussilla rajallisen pys\u00e4k\u00f6intitilan vuoksi.<\/p>\n\n\n\n<figure class=\"wp-block-image\"><img decoding=\"async\" src=\"https:\/\/traskandankartano.fi\/wp-content\/uploads\/2022\/11\/Saapumisohjeet-Traskandan-joulu_low-1024x695.jpg\" alt=\"\" class=\"wp-image-626\"\/><\/figure>\n\n\n\n<p><strong>Julkinen liikenne<\/strong><\/p>\n\n\n\n<p>Tr\u00e4sk\u00e4ndan kartanopuistoon p\u00e4\u00e4see hyvin HSL:n busseilla. Julkisen liikenteen bussipys\u00e4kit on merkitty kuvaan. Lippaj\u00e4rvi on B-vy\u00f6hykkeen puolella ja J\u00e4rvenper\u00e4 C-vy\u00f6hykkeen puolella.<\/p>\n\n\n\n<p>Alueelle liikenn\u00f6iv\u00e4t viikonloppuisin bussit<\/p>\n\n\n\n<p>\u00b7&nbsp; 227 Lepp\u00e4vaaran asema \u2013 Jorvi<\/p>\n\n\n\n<p>\u00b7&nbsp; 231N Elielinaukio \u2013 Vanhakartano<\/p>\n\n\n\n<p>\u00b7&nbsp; 235N Elielinaukio \u2013 Kuurinniitty<\/p>\n\n\n\n<p>\u00b7&nbsp; 236 Serena \u2013 Lepp\u00e4vaara as.<\/p>\n\n\n\n<p>\u00b7&nbsp; 239 Kalaj\u00e4rven keskus \u2013 Lepp\u00e4vaara as.<\/p>\n\n\n\n<p>\u00b7&nbsp; 533 Hyljeveneentie \u2013 J\u00e4rvenper\u00e4<\/p>\n\n\n\n<p><strong>Pys\u00e4k\u00f6inti<\/strong><\/p>\n\n\n\n<p>Autolla tuleville pys\u00e4k\u00f6intimahdollisuudet ovat rajalliset. Puiston oma parkkipaikka sijaitsee osoitteessa Tr\u00e4sk\u00e4ndanristi 4. Liikuntaesteisille (LE) autopaikkoja on vain yksi. Alla kohdassa esteett\u00f6myys lis\u00e4tietoja.<\/p>\n\n\n\n<p>Autoja voi j\u00e4tt\u00e4\u00e4 my\u00f6s kuvassakin osoitettuihin paikkoihin J\u00e4rvenper\u00e4n koululle (Auroranm\u00e4ki 1) sek\u00e4 Auroran koululle (Lippaj\u00e4rventie 44).<\/p>\n\n\n\n<p><strong>WC<\/strong><\/p>\n\n\n\n<p>Auroratalon alakerrasta l\u00f6ytyy wc:t, my\u00f6s esteet\u00f6n.<\/p>\n\n\n\n<p><strong>ESTEETT\u00d6MYYS<\/strong><\/p>\n\n\n\n<p>Puistossa on hyv\u00e4t esteett\u00f6m\u00e4t kulkuv\u00e4yl\u00e4t ja samoin Auroratalon alimmassa kerroksessa, jonne on esteet\u00f6n p\u00e4\u00e4sy. Samoin piha-alueella on leve\u00e4t kulkuv\u00e4yl\u00e4t ja mahdollisuus liikkua esteett\u00f6m\u00e4sti. Auroratalo on entinen vanhainkoti, joka rakennettiin 50-luvulla. T\u00e4lt\u00e4 osin rakennuksessa on huomioitu esteet\u00f6n kulku, mutta rakennus on vanha, eiv\u00e4tk\u00e4 kaikki ratkaisut en\u00e4\u00e4 t\u00e4yt\u00e4 t\u00e4m\u00e4n p\u00e4iv\u00e4n esteett\u00f6myysvaatimuksia. Esteet\u00f6n sis\u00e4\u00e4nk\u00e4ynti sis\u00e4tiloihin onnistuu E-ovesta eli p\u00e4\u00e4sis\u00e4\u00e4nk\u00e4ynnist\u00e4.<\/p>\n\n\n\n<p>Kiinteist\u00f6ss\u00e4 on vain yksi liikuntaesteisen (LE) autopaikka, joka sijaitsee saapumisohjeiden kohdalla ilmoitetussa kuvassa, osoitteessa Kuninkaantie 43 (eri osoite kuin puiston muu pys\u00e4k\u00f6intialue). Tapahtuman ohjelmaan n\u00e4hden kyseinen autopaikka on toisella puolen rakennusta ja matkaa tapahtuma-alueelle on n. 100 metri\u00e4.<\/p>\n\n\n\n<p>Saattoliikenne voi ajaa piha-alueella l\u00e4hemm\u00e4ksi tapahtuma-aluetta, osoitteen Kuninkaantie 43, Espoo kautta.<\/p>\n\n\n\n<p>Esteet\u00f6n wc l\u00f6ytyy Auroratalon alakerrasta.<\/p>\n","protected":false},"excerpt":{"rendered":"<p>Ohjelma(muutokset mahdollisia) klo 10\u201314 1. Lasten kulttuurikeskus Auroran ohjelmaMeijeri, Taidetalo, Ympyr\u00e4lava ja pihapiiriLastenkulttuurin juhlaviikko 13.-19.5.2024 klo 12-12.30 Tr\u00e4sk\u00e4ndan kartanopuiston ohjelma klo 10 2. Tapahtuman avaus ja kev\u00e4isi\u00e4 lauluja, Auroratalon edusta klo 10\u201314 3. Luomutaidepolku, kartanopuisto ja kappeli (Tuula Sekmeth\u2122) 4. Botticellin kev\u00e4t -yhteismaalauspaja, kurssitila (Espoon Taiteilijakilta ry) klo 10\u201316 5. Maalausta (tule maalaamaan!), Auroratalon edusta (Tr\u00e4sk\u00e4ndan kartanon yst\u00e4v\u00e4t ry ja Espoo Art) 6. Tr\u00e4sk\u00e4ndan haitallisten vieraslajien esittely, Auroratalon edusta (Espoon &hellip; <\/p>\n","protected":false},"author":1,"featured_media":1121,"comment_status":"closed","ping_status":"closed","sticky":false,"template":"","format":"standard","meta":{"footnotes":""},"categories":[2],"tags":[],"class_list":["post-1120","post","type-post","status-publish","format-standard","has-post-thumbnail","hentry","category-uutiset","latest_post"],"_links":{"self":[{"href":"https:\/\/www.auroratalo.fi\/index.php?rest_route=\/wp\/v2\/posts\/1120","targetHints":{"allow":["GET"]}}],"collection":[{"href":"https:\/\/www.auroratalo.fi\/index.php?rest_route=\/wp\/v2\/posts"}],"about":[{"href":"https:\/\/www.auroratalo.fi\/index.php?rest_route=\/wp\/v2\/types\/post"}],"author":[{"embeddable":true,"href":"https:\/\/www.auroratalo.fi\/index.php?rest_route=\/wp\/v2\/users\/1"}],"replies":[{"embeddable":true,"href":"https:\/\/www.auroratalo.fi\/index.php?rest_route=%2Fwp%2Fv2%2Fcomments&post=1120"}],"version-history":[{"count":3,"href":"https:\/\/www.auroratalo.fi\/index.php?rest_route=\/wp\/v2\/posts\/1120\/revisions"}],"predecessor-version":[{"id":1125,"href":"https:\/\/www.auroratalo.fi\/index.php?rest_route=\/wp\/v2\/posts\/1120\/revisions\/1125"}],"wp:featuredmedia":[{"embeddable":true,"href":"https:\/\/www.auroratalo.fi\/index.php?rest_route=\/wp\/v2\/media\/1121"}],"wp:attachment":[{"href":"https:\/\/www.auroratalo.fi\/index.php?rest_route=%2Fwp%2Fv2%2Fmedia&parent=1120"}],"wp:term":[{"taxonomy":"category","embeddable":true,"href":"https:\/\/www.auroratalo.fi\/index.php?rest_route=%2Fwp%2Fv2%2Fcategories&post=1120"},{"taxonomy":"post_tag","embeddable":true,"href":"https:\/\/www.auroratalo.fi\/index.php?rest_route=%2Fwp%2Fv2%2Ftags&post=1120"}],"curies":[{"name":"wp","href":"https:\/\/api.w.org\/{rel}","templated":true}]}}