{"id":1439,"date":"2025-04-26T16:59:48","date_gmt":"2025-04-26T16:59:48","guid":{"rendered":"https:\/\/www.auroratalo.fi\/?p=1439"},"modified":"2025-09-24T14:35:15","modified_gmt":"2025-09-24T14:35:15","slug":"auroratalon-kevaan-avajaiset-la-24-5-2025","status":"publish","type":"post","link":"https:\/\/www.auroratalo.fi\/?p=1439","title":{"rendered":"Auroratalon kev\u00e4\u00e4n avajaiset la 24.5.2025"},"content":{"rendered":"\n<p>Tervetuloa Tr\u00e4sk\u00e4ndan puiston Auroratalon avajaisiin lauantaina 24.5..2025 klo 11 alkaen! Talomme uusi operaattori Anyspace oy on uudistanut tilojamme, n\u00e4in ollen talomme toimijat yhdess\u00e4 paikallisten yhdistysten ja j\u00e4rjest\u00f6jen kanssa haluamme juhlistaa kev\u00e4tt\u00e4 ja talomme uutta ilmett\u00e4 runsaalla koko perheen ohjelmistolla, kaikkiin tilaisuuksiin on vapaa p\u00e4\u00e4sy.<\/p>\n\n\n\n<p>P\u00e4iv\u00e4n ohjelmistoa: <a href=\"https:\/\/www.auroratalo.fi\/?p=1473\" data-type=\"link\" data-id=\"https:\/\/www.auroratalo.fi\/?p=1473\">koko ohjelma-aikataulu t\u00e4\u00e4ll\u00e4<\/a><br>puistokirppis<br>Uudenmaan kuvataidej\u00e4rjest\u00f6n ymp\u00e4rist\u00f6taiden\u00e4yttelyn avajaiset<br>Espoo-p\u00e4iv\u00e4n Camera obscuran muotokuvan\u00e4yttelyn avajaiset<br>lapsille taidepajoja<br>musiikkiesityksi\u00e4<br>improvisaatioteatteria<br>Taijia puistossa<br>talon toimijoiden esittelyj\u00e4<br>taloon tutustumista<br>lasten puuhapisteit\u00e4<br>J\u00e4rvihaukka-partiolaisten rasteja<br>ruokapisteit\u00e4<br>yms!<\/p>\n\n\n\n<p>Yhteisty\u00f6kumppaneita mm:<br>Anyspace oy<br>Tr\u00e4sk\u00e4ndan kartanon yst\u00e4v\u00e4t ry<br>UKJ<br>Espoo Art ry<br>Espoon ymp\u00e4rist\u00f6yhdistys<br>Espoon taiteilijakilta<br>kahvilat Auringonkukka ja Piparkakkutalo<br>Espoon kaupunki<\/p>\n\n\n\n<p>PUISTOKIRPPIS LA 24.5 klo 11-18<\/p>\n\n\n\n<p>Tr\u00e4sk\u00e4ndan puiston Auroratalon avajaisten yhteydess\u00e4. Tervetuloa osallistumaan!<br>Ei ennakkoilmoittautumisia!<br>Maksuttomat paikat!<br>Tuo omat p\u00f6yd\u00e4t!<br>P\u00f6ytien yms tarvikkeiden tuonti klo 9-10<br>Ajo alueella erityist\u00e4 varovaisuutta noudattaen!<\/p>\n\n\n\n<p>Autot vied\u00e4\u00e4n l\u00e4heisen koulun parkkipaikkaan p\u00f6ytien pystytyksen j\u00e4lkeen, osoite: J\u00e4rvenper\u00e4n koulu, Auroranm\u00e4ki 1<\/p>\n\n\n\n<p>P\u00f6ytien poisto ennen tapahtuman p\u00e4\u00e4ttymist\u00e4:<br>Sovi alueen j\u00e4rjestysmiesten kanssa mist\u00e4 voit hakea rullakon tavaroiden siirt\u00e4miseksi, tapahtuman aikana piha-alueelle ajo kielletty.<\/p>\n\n\n\n<p>Lis\u00e4tiedustelut:<\/p>\n\n\n\n<p>juha.karkkainen62@gmail.com<br>Tapahtuman koordinaattori<\/p>\n\n\n\n<figure class=\"wp-block-image size-large\"><img loading=\"lazy\" decoding=\"async\" width=\"1024\" height=\"1024\" src=\"https:\/\/www.auroratalo.fi\/wp-content\/uploads\/2025\/04\/KEVAAN-AVAJAISET-INSTAGRAM-3-kartta-1-1024x1024.png\" alt=\"\" class=\"wp-image-1449\" srcset=\"https:\/\/www.auroratalo.fi\/wp-content\/uploads\/2025\/04\/KEVAAN-AVAJAISET-INSTAGRAM-3-kartta-1-1024x1024.png 1024w, https:\/\/www.auroratalo.fi\/wp-content\/uploads\/2025\/04\/KEVAAN-AVAJAISET-INSTAGRAM-3-kartta-1-300x300.png 300w, https:\/\/www.auroratalo.fi\/wp-content\/uploads\/2025\/04\/KEVAAN-AVAJAISET-INSTAGRAM-3-kartta-1-150x150.png 150w, https:\/\/www.auroratalo.fi\/wp-content\/uploads\/2025\/04\/KEVAAN-AVAJAISET-INSTAGRAM-3-kartta-1-768x768.png 768w, https:\/\/www.auroratalo.fi\/wp-content\/uploads\/2025\/04\/KEVAAN-AVAJAISET-INSTAGRAM-3-kartta-1-60x60.png 60w, https:\/\/www.auroratalo.fi\/wp-content\/uploads\/2025\/04\/KEVAAN-AVAJAISET-INSTAGRAM-3-kartta-1.png 1080w\" sizes=\"auto, (max-width: 1024px) 100vw, 1024px\" \/><\/figure>\n\n\n\n<p><strong>SAAPUMISOHJEE<\/strong>T VIERAILLE l\u00e4hde Tr\u00e4sk\u00e4ndan kartanon yst\u00e4v\u00e4t ry<\/p>\n\n\n\n<p>Tapahtuma j\u00e4rjestet\u00e4\u00e4n Tr\u00e4sk\u00e4ndan kartanonpuistossa. Tapahtuma-alue on merkitty kuvaan punaisella rinkulalla.<\/p>\n\n\n\n<figure class=\"wp-block-image\"><img decoding=\"async\" src=\"https:\/\/traskandankartano.fi\/wp-content\/uploads\/2022\/11\/Saapumisohjeet-Traskandan-joulu_low-1024x695.jpg\" alt=\"\" class=\"wp-image-626\"\/><figcaption class=\"wp-element-caption\">Saapumisohjeet: Bussipys\u00e4kit ja parkkipaikat<\/figcaption><\/figure>\n\n\n\n<p><strong>Julkinen liikenne<\/strong><\/p>\n\n\n\n<p>Tr\u00e4sk\u00e4ndan kartanopuistoon p\u00e4\u00e4see hyvin HSL:n busseilla. Julkisen liikenteen bussipys\u00e4kit on merkitty kuvaan. Lippaj\u00e4rvi on B-vy\u00f6hykkeen puolella ja J\u00e4rvenper\u00e4 C-vy\u00f6hykkeen puolella.<\/p>\n\n\n\n<p>Alueelle liikenn\u00f6iv\u00e4t viikonloppuisin bussit<\/p>\n\n\n\n<ul class=\"wp-block-list\">\n<li>227 Lepp\u00e4vaaran asema \u2013 Jorvi<\/li>\n\n\n\n<li>231N Elielinaukio \u2013 Vanhakartano<\/li>\n\n\n\n<li>235N Elielinaukio \u2013 Kuurinniitty<\/li>\n\n\n\n<li>236 Serena \u2013 Lepp\u00e4vaara as.<\/li>\n\n\n\n<li>239 Kalaj\u00e4rven keskus \u2013 Lepp\u00e4vaara as.<\/li>\n\n\n\n<li>533 Hyljeveneentie \u2013 J\u00e4rvenper\u00e4<\/li>\n<\/ul>\n\n\n\n<p><strong>Pys\u00e4k\u00f6inti<\/strong><\/p>\n\n\n\n<p>Autolla tuleville pys\u00e4k\u00f6intimahdollisuudet ovat rajalliset. Puiston oma parkkipaikka sijaitsee osoitteessa Tr\u00e4sk\u00e4ndanristi 5.<\/p>\n\n\n\n<p>Parkkipaikan ollessa t\u00e4ynn\u00e4, suosittelemme suuntaamaan J\u00e4rvenper\u00e4n koululle (Auroranm\u00e4ki 1) tai Auroran koululle (Lippaj\u00e4rventie 44).<\/p>\n\n\n\n<p>Liikuntaesteisille (LE) autopaikkoja on vain yksi. Alla kohdassa esteett\u00f6myys lis\u00e4tietoja.<\/p>\n\n\n\n<p><strong>WC<\/strong><\/p>\n\n\n\n<p>Auroratalon alakerrasta l\u00f6ytyy wc:t, my\u00f6s esteet\u00f6n.<\/p>\n\n\n\n<p><strong>ESTEETT\u00d6MYYS<\/strong><\/p>\n\n\n\n<p>Puistossa on hyv\u00e4t esteett\u00f6m\u00e4t kulkuv\u00e4yl\u00e4t ja samoin Auroratalon alimmassa kerroksessa, jonne on esteet\u00f6n p\u00e4\u00e4sy. Samoin piha-alueella on leve\u00e4t kulkuv\u00e4yl\u00e4t ja mahdollisuus liikkua esteett\u00f6m\u00e4sti. Auroratalo on entinen vanhainkoti, joka rakennettiin 50-luvulla. T\u00e4lt\u00e4 osin rakennuksessa on huomioitu esteet\u00f6n kulku, mutta rakennus on vanha, eiv\u00e4tk\u00e4 kaikki ratkaisut en\u00e4\u00e4 t\u00e4yt\u00e4 t\u00e4m\u00e4n p\u00e4iv\u00e4n esteett\u00f6myysvaatimuksia. Esteet\u00f6n sis\u00e4\u00e4nk\u00e4ynti sis\u00e4tiloihin onnistuu E-ovesta eli p\u00e4\u00e4sis\u00e4\u00e4nk\u00e4ynnist\u00e4.<\/p>\n\n\n\n<p>Kiinteist\u00f6ss\u00e4 on vain yksi liikuntaesteisen (LE) autopaikka, joka sijaitsee saapumisohjeiden kohdalla ilmoitetussa kuvassa, osoitteessa Kuninkaantie 43 (eri osoite kuin puiston muu pys\u00e4k\u00f6intialue). Tapahtuman ohjelmaan n\u00e4hden kyseinen autopaikka on toisella puolen rakennusta ja matkaa tapahtuma-alueelle on n. 100 metri\u00e4.<\/p>\n\n\n\n<p>Saattoliikenne voi ajaa piha-alueella l\u00e4hemm\u00e4ksi tapahtuma-aluetta, osoitteen Kuninkaantie 43, Espoo kautta.<\/p>\n\n\n\n<p>Esteet\u00f6n wc l\u00f6ytyy Auroratalon alakerrasta.<\/p>\n\n\n\n<p>Tapahtumasta voi kysy\u00e4 lis\u00e4\u00e4 s\u00e4hk\u00f6postitse juha.karkkainen62@gmail.com<\/p>\n\n\n\n<p>Espoon kaupunki tukee tapahtumaa.<\/p>\n\n\n\n<p><\/p>\n","protected":false},"excerpt":{"rendered":"<p>Tervetuloa Tr\u00e4sk\u00e4ndan puiston Auroratalon avajaisiin lauantaina 24.5..2025 klo 11 alkaen! Talomme uusi operaattori Anyspace oy on uudistanut tilojamme, n\u00e4in ollen talomme toimijat yhdess\u00e4 paikallisten yhdistysten ja j\u00e4rjest\u00f6jen kanssa haluamme juhlistaa kev\u00e4tt\u00e4 ja talomme uutta ilmett\u00e4 runsaalla koko perheen ohjelmistolla, kaikkiin tilaisuuksiin on vapaa p\u00e4\u00e4sy. P\u00e4iv\u00e4n ohjelmistoa: koko ohjelma-aikataulu t\u00e4\u00e4ll\u00e4puistokirppisUudenmaan kuvataidej\u00e4rjest\u00f6n ymp\u00e4rist\u00f6taiden\u00e4yttelyn avajaisetEspoo-p\u00e4iv\u00e4n Camera obscuran muotokuvan\u00e4yttelyn avajaisetlapsille taidepajojamusiikkiesityksi\u00e4improvisaatioteatteriaTaijia puistossatalon toimijoiden esittelyj\u00e4taloon tutustumistalasten puuhapisteit\u00e4J\u00e4rvihaukka-partiolaisten rastejaruokapisteit\u00e4yms! Yhteisty\u00f6kumppaneita mm:Anyspace oyTr\u00e4sk\u00e4ndan kartanon yst\u00e4v\u00e4t ryUKJEspoo Art &hellip; <\/p>\n","protected":false},"author":1,"featured_media":1441,"comment_status":"closed","ping_status":"closed","sticky":false,"template":"","format":"standard","meta":{"footnotes":""},"categories":[5],"tags":[],"class_list":["post-1439","post","type-post","status-publish","format-standard","has-post-thumbnail","hentry","category-tapahtumat","latest_post"],"_links":{"self":[{"href":"https:\/\/www.auroratalo.fi\/index.php?rest_route=\/wp\/v2\/posts\/1439","targetHints":{"allow":["GET"]}}],"collection":[{"href":"https:\/\/www.auroratalo.fi\/index.php?rest_route=\/wp\/v2\/posts"}],"about":[{"href":"https:\/\/www.auroratalo.fi\/index.php?rest_route=\/wp\/v2\/types\/post"}],"author":[{"embeddable":true,"href":"https:\/\/www.auroratalo.fi\/index.php?rest_route=\/wp\/v2\/users\/1"}],"replies":[{"embeddable":true,"href":"https:\/\/www.auroratalo.fi\/index.php?rest_route=%2Fwp%2Fv2%2Fcomments&post=1439"}],"version-history":[{"count":11,"href":"https:\/\/www.auroratalo.fi\/index.php?rest_route=\/wp\/v2\/posts\/1439\/revisions"}],"predecessor-version":[{"id":1495,"href":"https:\/\/www.auroratalo.fi\/index.php?rest_route=\/wp\/v2\/posts\/1439\/revisions\/1495"}],"wp:featuredmedia":[{"embeddable":true,"href":"https:\/\/www.auroratalo.fi\/index.php?rest_route=\/wp\/v2\/media\/1441"}],"wp:attachment":[{"href":"https:\/\/www.auroratalo.fi\/index.php?rest_route=%2Fwp%2Fv2%2Fmedia&parent=1439"}],"wp:term":[{"taxonomy":"category","embeddable":true,"href":"https:\/\/www.auroratalo.fi\/index.php?rest_route=%2Fwp%2Fv2%2Fcategories&post=1439"},{"taxonomy":"post_tag","embeddable":true,"href":"https:\/\/www.auroratalo.fi\/index.php?rest_route=%2Fwp%2Fv2%2Ftags&post=1439"}],"curies":[{"name":"wp","href":"https:\/\/api.w.org\/{rel}","templated":true}]}}