{"id":1473,"date":"2025-05-12T17:55:58","date_gmt":"2025-05-12T17:55:58","guid":{"rendered":"https:\/\/www.auroratalo.fi\/?p=1473"},"modified":"2025-05-13T15:56:18","modified_gmt":"2025-05-13T15:56:18","slug":"avajaisohjelma","status":"publish","type":"post","link":"https:\/\/www.auroratalo.fi\/?p=1473","title":{"rendered":"Avajaisohjelma"},"content":{"rendered":"\n<p><strong>AURORATALON KEV\u00c4\u00c4N AVAJAISET TR\u00c4SK\u00c4NDAN PUISTOSSA LA 24.5.2025 klo 11-19<\/strong><\/p>\n\n\n\n<p>Kaikki tilaisuudet maksuttomia<\/p>\n\n\n\n<p>OHJELMA:<\/p>\n\n\n\n<p>Avajaispuhe, kaupunginjohtaja Kai Mykk\u00e4nen piha-alueella klo 11.00 &#8211; 11.15<\/p>\n\n\n\n<p>UKJ:n ymp\u00e4rist\u00f6taiden\u00e4yttely puistossa klo 11.00 alkaen<\/p>\n\n\n\n<p>Camera obscura -ryhm\u00e4n valokuvan\u00e4yttely k\u00e4yt\u00e4v\u00e4galleria klo 11.00 &#8211; 18.00<\/p>\n\n\n\n<p>Avajaismusiikki: Puhallinseitsikko Aurora<\/p>\n\n\n\n<p>Puistokirppis ulkona klo 11.30 \u2013 18.00<\/p>\n\n\n\n<p>Auroran koulun kuoro Lounge klo 12.00 \u2013 12.05<\/p>\n\n\n\n<p>Kaupunginjohtajan haastattelutuokio Lounge klo 12.05 &#8211; 12.30<\/p>\n\n\n\n<p>Auroran koulun kuoro Lounge klo 12.30 \u2013 12.45<\/p>\n\n\n\n<p>Talon toimijoiden esittelyj\u00e4 Lounge klo 13.00 \u2013 13.30<\/p>\n\n\n\n<p>Improp\u00e5 improvisaatioesitys Lounge klo 14.00 \u2013 14.30<\/p>\n\n\n\n<p>Talon toimijoiden esittelyj\u00e4 Lounge klo 15.00 &#8211; 15.30<\/p>\n\n\n\n<p>Tapiolan lausujien runoesitys Lounge klo 16.00 &#8211; 16.45<\/p>\n\n\n\n<p>Talon toimijoiden esittelyj\u00e4 Lounge klo 16.45 &#8211; 17.15<\/p>\n\n\n\n<p>Kimmo Rintakoski -trio ja Tomi Kristian Lounge klo 17.15 \u2013 18.00<\/p>\n\n\n\n<p>Duo Kaikuluotain Lounge klo 18.00 &#8211; 19.00<\/p>\n\n\n\n<p>Espoon taiteilijakillan Kev\u00e4\u00e4n kukoistus -ty\u00f6paja Kurssitila klo 12.00 &#8211; 15.00<\/p>\n\n\n\n<p>Tr\u00e4sk\u00e4ndan kartanon yst\u00e4vien valokuvia Galleria Aurorasali klo 11.30 \u2013 18.00<\/p>\n\n\n\n<p>Espoon ymp\u00e4rist\u00f6yhdistyksen st\u00e4ndi Galleria Aurorasali klo 11.30 \u2013 18.0 0<\/p>\n\n\n\n<p>Lasten liikuntaa vanhempien kanssa Liikuntasali klo 11.30 \u2013 18.00<\/p>\n\n\n\n<p>Taiji Puisto\/Artin parveke klo 14.00 \u2013 14.45<\/p>\n\n\n\n<p>J\u00e4rvihaukka-partiolaisten rastit ulkona puisto klo 11.30 \u2013 18.00<\/p>\n\n\n\n<p>J\u00e4rvihaukka partiolaisten rastit sis\u00e4ll\u00e4 ja lasten seikkailurata harrastustila klo 11.30 \u2013 13.30<\/p>\n\n\n\n<p>Espoo Art ry:n kerroksen avoimet ovet Espoo Art ry:n kerros klo 12.45 \u2013 17.00<\/p>\n\n\n\n<p>vapaata tutustumista Anyspacen vuokratiloihin talon C-puoli klo 14.00 \u2013 16.00<\/p>\n\n\n\n<p>Joogaa ja \u00e4\u00e4nimaljarentoutusta Kappeli klo 11.30 \u2013 17.50<\/p>\n\n\n\n<p>Saunajooga naisille, ilm. tiinaraitanen@hotmail.com Sauna klo 18.00 \u2013 19.00<\/p>\n\n\n\n<p>Janne Moves Su 25.5. j\u00e4rjest\u00e4\u00e4 3 puistojumppaa<\/p>\n\n\n\n<p>lis\u00e4tiedot www.auroratalo.fi<\/p>\n\n\n\n<p>RUOKAILUT<\/p>\n\n\n\n<p>Auringonkukka-kahvilan hodarit yms<\/p>\n\n\n\n<p>Piparkakkukahvilan tarjoilut<\/p>\n\n\n\n<p>J\u00e4rvihaukan makkarapaistopiste<\/p>\n\n\n\n<p>Huom. muutokset mahdollisia<\/p>\n\n\n\n<p>Auroratalon Loungessa on istumapaikat n. 50 hengelle. Pyyd\u00e4mme yst\u00e4v\u00e4llisesti saapumaan Loungeen hyviss\u00e4 ajoin itselle mieluisaan tapahtumaan. Loungen l\u00e4pi kulkee my\u00f6s k\u00e4yt\u00e4v\u00e4 eri tiloihin, joten j\u00e4t\u00e4th\u00e4n kulkureitille tilaa, kiitos!<\/p>\n","protected":false},"excerpt":{"rendered":"<p>AURORATALON KEV\u00c4\u00c4N AVAJAISET TR\u00c4SK\u00c4NDAN PUISTOSSA LA 24.5.2025 klo 11-19 Kaikki tilaisuudet maksuttomia OHJELMA: Avajaispuhe, kaupunginjohtaja Kai Mykk\u00e4nen piha-alueella klo 11.00 &#8211; 11.15 UKJ:n ymp\u00e4rist\u00f6taiden\u00e4yttely puistossa klo 11.00 alkaen Camera obscura -ryhm\u00e4n valokuvan\u00e4yttely k\u00e4yt\u00e4v\u00e4galleria klo 11.00 &#8211; 18.00 Avajaismusiikki: Puhallinseitsikko Aurora Puistokirppis ulkona klo 11.30 \u2013 18.00 Auroran koulun kuoro Lounge klo 12.00 \u2013 12.05 Kaupunginjohtajan haastattelutuokio Lounge klo 12.05 &#8211; 12.30 Auroran koulun kuoro Lounge klo 12.30 \u2013 12.45 Talon &hellip; <\/p>\n","protected":false},"author":1,"featured_media":0,"comment_status":"closed","ping_status":"closed","sticky":false,"template":"","format":"standard","meta":{"footnotes":""},"categories":[2],"tags":[],"class_list":["post-1473","post","type-post","status-publish","format-standard","hentry","category-uutiset","latest_post"],"_links":{"self":[{"href":"https:\/\/www.auroratalo.fi\/index.php?rest_route=\/wp\/v2\/posts\/1473","targetHints":{"allow":["GET"]}}],"collection":[{"href":"https:\/\/www.auroratalo.fi\/index.php?rest_route=\/wp\/v2\/posts"}],"about":[{"href":"https:\/\/www.auroratalo.fi\/index.php?rest_route=\/wp\/v2\/types\/post"}],"author":[{"embeddable":true,"href":"https:\/\/www.auroratalo.fi\/index.php?rest_route=\/wp\/v2\/users\/1"}],"replies":[{"embeddable":true,"href":"https:\/\/www.auroratalo.fi\/index.php?rest_route=%2Fwp%2Fv2%2Fcomments&post=1473"}],"version-history":[{"count":4,"href":"https:\/\/www.auroratalo.fi\/index.php?rest_route=\/wp\/v2\/posts\/1473\/revisions"}],"predecessor-version":[{"id":1478,"href":"https:\/\/www.auroratalo.fi\/index.php?rest_route=\/wp\/v2\/posts\/1473\/revisions\/1478"}],"wp:attachment":[{"href":"https:\/\/www.auroratalo.fi\/index.php?rest_route=%2Fwp%2Fv2%2Fmedia&parent=1473"}],"wp:term":[{"taxonomy":"category","embeddable":true,"href":"https:\/\/www.auroratalo.fi\/index.php?rest_route=%2Fwp%2Fv2%2Fcategories&post=1473"},{"taxonomy":"post_tag","embeddable":true,"href":"https:\/\/www.auroratalo.fi\/index.php?rest_route=%2Fwp%2Fv2%2Ftags&post=1473"}],"curies":[{"name":"wp","href":"https:\/\/api.w.org\/{rel}","templated":true}]}}