{"id":1520,"date":"2025-06-02T04:46:23","date_gmt":"2025-06-02T04:46:23","guid":{"rendered":"https:\/\/www.auroratalo.fi\/?p=1520"},"modified":"2025-09-24T14:34:48","modified_gmt":"2025-09-24T14:34:48","slug":"kuvasatoa-auroratalon-kevaan-avajaisista","status":"publish","type":"post","link":"https:\/\/www.auroratalo.fi\/?p=1520","title":{"rendered":"Kuvasatoa Auroratalon kev\u00e4\u00e4n avajaisista 24.5.2025!"},"content":{"rendered":"\n<figure class=\"wp-block-image size-large\"><img loading=\"lazy\" decoding=\"async\" width=\"1024\" height=\"549\" src=\"https:\/\/www.auroratalo.fi\/wp-content\/uploads\/2025\/06\/DSC08928-1-1024x549.jpg\" alt=\"\" class=\"wp-image-1551\" srcset=\"https:\/\/www.auroratalo.fi\/wp-content\/uploads\/2025\/06\/DSC08928-1-1024x549.jpg 1024w, https:\/\/www.auroratalo.fi\/wp-content\/uploads\/2025\/06\/DSC08928-1-300x161.jpg 300w, https:\/\/www.auroratalo.fi\/wp-content\/uploads\/2025\/06\/DSC08928-1-150x80.jpg 150w, https:\/\/www.auroratalo.fi\/wp-content\/uploads\/2025\/06\/DSC08928-1-768x411.jpg 768w, https:\/\/www.auroratalo.fi\/wp-content\/uploads\/2025\/06\/DSC08928-1-1536x823.jpg 1536w, https:\/\/www.auroratalo.fi\/wp-content\/uploads\/2025\/06\/DSC08928-1-2048x1097.jpg 2048w, https:\/\/www.auroratalo.fi\/wp-content\/uploads\/2025\/06\/DSC08928-1-112x60.jpg 112w\" sizes=\"auto, (max-width: 1024px) 100vw, 1024px\" \/><\/figure>\n\n\n\n<p class=\"has-text-align-center\">Puhallinseitsikko Auroran musisointi k\u00e4ynnisti p\u00e4iv\u00e4n!<\/p>\n\n\n\n<figure class=\"wp-block-image size-large\"><img loading=\"lazy\" decoding=\"async\" width=\"1024\" height=\"595\" src=\"https:\/\/www.auroratalo.fi\/wp-content\/uploads\/2025\/06\/DSC08953-1-1024x595.jpg\" alt=\"\" class=\"wp-image-1552\" srcset=\"https:\/\/www.auroratalo.fi\/wp-content\/uploads\/2025\/06\/DSC08953-1-1024x595.jpg 1024w, https:\/\/www.auroratalo.fi\/wp-content\/uploads\/2025\/06\/DSC08953-1-300x174.jpg 300w, https:\/\/www.auroratalo.fi\/wp-content\/uploads\/2025\/06\/DSC08953-1-150x87.jpg 150w, https:\/\/www.auroratalo.fi\/wp-content\/uploads\/2025\/06\/DSC08953-1-768x446.jpg 768w, https:\/\/www.auroratalo.fi\/wp-content\/uploads\/2025\/06\/DSC08953-1-1536x892.jpg 1536w, https:\/\/www.auroratalo.fi\/wp-content\/uploads\/2025\/06\/DSC08953-1-2048x1190.jpg 2048w, https:\/\/www.auroratalo.fi\/wp-content\/uploads\/2025\/06\/DSC08953-1-103x60.jpg 103w\" sizes=\"auto, (max-width: 1024px) 100vw, 1024px\" \/><\/figure>\n\n\n\n<p class=\"has-text-align-center\">Espoon kaupunginjohtaja Kai Mykk\u00e4nen avasi tapahtuman<\/p>\n\n\n\n<figure class=\"wp-block-image size-large\"><img loading=\"lazy\" decoding=\"async\" width=\"1024\" height=\"683\" src=\"https:\/\/www.auroratalo.fi\/wp-content\/uploads\/2025\/06\/DSC08979-1-1024x683.jpg\" alt=\"\" class=\"wp-image-1554\" srcset=\"https:\/\/www.auroratalo.fi\/wp-content\/uploads\/2025\/06\/DSC08979-1-1024x683.jpg 1024w, https:\/\/www.auroratalo.fi\/wp-content\/uploads\/2025\/06\/DSC08979-1-300x200.jpg 300w, https:\/\/www.auroratalo.fi\/wp-content\/uploads\/2025\/06\/DSC08979-1-150x100.jpg 150w, https:\/\/www.auroratalo.fi\/wp-content\/uploads\/2025\/06\/DSC08979-1-768x512.jpg 768w, https:\/\/www.auroratalo.fi\/wp-content\/uploads\/2025\/06\/DSC08979-1-1536x1024.jpg 1536w, https:\/\/www.auroratalo.fi\/wp-content\/uploads\/2025\/06\/DSC08979-1-2048x1365.jpg 2048w, https:\/\/www.auroratalo.fi\/wp-content\/uploads\/2025\/06\/DSC08979-1-90x60.jpg 90w, https:\/\/www.auroratalo.fi\/wp-content\/uploads\/2025\/06\/DSC08979-1-374x249.jpg 374w\" sizes=\"auto, (max-width: 1024px) 100vw, 1024px\" \/><\/figure>\n\n\n\n<p class=\"has-text-align-center\">Kaupunginjohtajan vierailu Espoo Artin kerroksessa <\/p>\n\n\n\n<figure class=\"wp-block-image size-large\"><img loading=\"lazy\" decoding=\"async\" width=\"1024\" height=\"683\" src=\"https:\/\/www.auroratalo.fi\/wp-content\/uploads\/2025\/06\/DSC08995-1-1024x683.jpg\" alt=\"\" class=\"wp-image-1557\" srcset=\"https:\/\/www.auroratalo.fi\/wp-content\/uploads\/2025\/06\/DSC08995-1-1024x683.jpg 1024w, https:\/\/www.auroratalo.fi\/wp-content\/uploads\/2025\/06\/DSC08995-1-300x200.jpg 300w, https:\/\/www.auroratalo.fi\/wp-content\/uploads\/2025\/06\/DSC08995-1-150x100.jpg 150w, https:\/\/www.auroratalo.fi\/wp-content\/uploads\/2025\/06\/DSC08995-1-768x512.jpg 768w, https:\/\/www.auroratalo.fi\/wp-content\/uploads\/2025\/06\/DSC08995-1-1536x1024.jpg 1536w, https:\/\/www.auroratalo.fi\/wp-content\/uploads\/2025\/06\/DSC08995-1-2048x1365.jpg 2048w, https:\/\/www.auroratalo.fi\/wp-content\/uploads\/2025\/06\/DSC08995-1-90x60.jpg 90w, https:\/\/www.auroratalo.fi\/wp-content\/uploads\/2025\/06\/DSC08995-1-374x249.jpg 374w\" sizes=\"auto, (max-width: 1024px) 100vw, 1024px\" \/><\/figure>\n\n\n<div class=\"wp-block-image\">\n<figure class=\"aligncenter size-large\"><img loading=\"lazy\" decoding=\"async\" width=\"693\" height=\"1024\" src=\"https:\/\/www.auroratalo.fi\/wp-content\/uploads\/2025\/06\/DSC09012-1-693x1024.jpg\" alt=\"\" class=\"wp-image-1560\" srcset=\"https:\/\/www.auroratalo.fi\/wp-content\/uploads\/2025\/06\/DSC09012-1-693x1024.jpg 693w, https:\/\/www.auroratalo.fi\/wp-content\/uploads\/2025\/06\/DSC09012-1-203x300.jpg 203w, https:\/\/www.auroratalo.fi\/wp-content\/uploads\/2025\/06\/DSC09012-1-102x150.jpg 102w, https:\/\/www.auroratalo.fi\/wp-content\/uploads\/2025\/06\/DSC09012-1-768x1134.jpg 768w, https:\/\/www.auroratalo.fi\/wp-content\/uploads\/2025\/06\/DSC09012-1-1040x1536.jpg 1040w, https:\/\/www.auroratalo.fi\/wp-content\/uploads\/2025\/06\/DSC09012-1-1387x2048.jpg 1387w, https:\/\/www.auroratalo.fi\/wp-content\/uploads\/2025\/06\/DSC09012-1-41x60.jpg 41w, https:\/\/www.auroratalo.fi\/wp-content\/uploads\/2025\/06\/DSC09012-1-scaled.jpg 1733w\" sizes=\"auto, (max-width: 693px) 100vw, 693px\" \/><\/figure><\/div>\n\n\n<p class=\"has-text-align-center\">Auroran koulun kuoro esiintyi yleis\u00f6lle, kuvassa kuoronjohtaja Arto Joutsim\u00e4ki<\/p>\n\n\n\n<figure class=\"wp-block-image size-large\"><img loading=\"lazy\" decoding=\"async\" width=\"966\" height=\"1024\" src=\"https:\/\/www.auroratalo.fi\/wp-content\/uploads\/2025\/06\/DSC09021-1-966x1024.jpg\" alt=\"\" class=\"wp-image-1562\" srcset=\"https:\/\/www.auroratalo.fi\/wp-content\/uploads\/2025\/06\/DSC09021-1-966x1024.jpg 966w, https:\/\/www.auroratalo.fi\/wp-content\/uploads\/2025\/06\/DSC09021-1-283x300.jpg 283w, https:\/\/www.auroratalo.fi\/wp-content\/uploads\/2025\/06\/DSC09021-1-142x150.jpg 142w, https:\/\/www.auroratalo.fi\/wp-content\/uploads\/2025\/06\/DSC09021-1-768x814.jpg 768w, https:\/\/www.auroratalo.fi\/wp-content\/uploads\/2025\/06\/DSC09021-1-330x350.jpg 330w, https:\/\/www.auroratalo.fi\/wp-content\/uploads\/2025\/06\/DSC09021-1-1449x1536.jpg 1449w, https:\/\/www.auroratalo.fi\/wp-content\/uploads\/2025\/06\/DSC09021-1-1933x2048.jpg 1933w, https:\/\/www.auroratalo.fi\/wp-content\/uploads\/2025\/06\/DSC09021-1-57x60.jpg 57w\" sizes=\"auto, (max-width: 966px) 100vw, 966px\" \/><\/figure>\n\n\n\n<p class=\"has-text-align-center\">Espoo Artin Liisa Knuuti keskustelee kaupunginjohtaja Kai Mykk\u00e4sen kanssa espoolaisuudesta<\/p>\n\n\n\n<figure class=\"wp-block-image size-large\"><img loading=\"lazy\" decoding=\"async\" width=\"1024\" height=\"636\" src=\"https:\/\/www.auroratalo.fi\/wp-content\/uploads\/2025\/06\/DSC09036-1-1024x636.jpg\" alt=\"\" class=\"wp-image-1564\" srcset=\"https:\/\/www.auroratalo.fi\/wp-content\/uploads\/2025\/06\/DSC09036-1-1024x636.jpg 1024w, https:\/\/www.auroratalo.fi\/wp-content\/uploads\/2025\/06\/DSC09036-1-300x186.jpg 300w, https:\/\/www.auroratalo.fi\/wp-content\/uploads\/2025\/06\/DSC09036-1-150x93.jpg 150w, https:\/\/www.auroratalo.fi\/wp-content\/uploads\/2025\/06\/DSC09036-1-768x477.jpg 768w, https:\/\/www.auroratalo.fi\/wp-content\/uploads\/2025\/06\/DSC09036-1-1536x955.jpg 1536w, https:\/\/www.auroratalo.fi\/wp-content\/uploads\/2025\/06\/DSC09036-1-2048x1273.jpg 2048w, https:\/\/www.auroratalo.fi\/wp-content\/uploads\/2025\/06\/DSC09036-1-97x60.jpg 97w\" sizes=\"auto, (max-width: 1024px) 100vw, 1024px\" \/><\/figure>\n\n\n\n<p class=\"has-text-align-center\">Tr\u00e4sk\u00e4ndan kartanon yst\u00e4vien Jenni Nevalainen ojentaa Auroran koulun 4-luokkalaisten kirjaksi kootut terveiset kaupunginjohtajalle<\/p>\n\n\n<div class=\"wp-block-image\">\n<figure class=\"aligncenter size-large\"><img loading=\"lazy\" decoding=\"async\" width=\"759\" height=\"1024\" src=\"https:\/\/www.auroratalo.fi\/wp-content\/uploads\/2025\/06\/IMG_20250524_130636_edit_185031101530489-759x1024.jpg\" alt=\"\" class=\"wp-image-1573\" srcset=\"https:\/\/www.auroratalo.fi\/wp-content\/uploads\/2025\/06\/IMG_20250524_130636_edit_185031101530489-759x1024.jpg 759w, https:\/\/www.auroratalo.fi\/wp-content\/uploads\/2025\/06\/IMG_20250524_130636_edit_185031101530489-222x300.jpg 222w, https:\/\/www.auroratalo.fi\/wp-content\/uploads\/2025\/06\/IMG_20250524_130636_edit_185031101530489-111x150.jpg 111w, https:\/\/www.auroratalo.fi\/wp-content\/uploads\/2025\/06\/IMG_20250524_130636_edit_185031101530489-768x1036.jpg 768w, https:\/\/www.auroratalo.fi\/wp-content\/uploads\/2025\/06\/IMG_20250524_130636_edit_185031101530489-1139x1536.jpg 1139w, https:\/\/www.auroratalo.fi\/wp-content\/uploads\/2025\/06\/IMG_20250524_130636_edit_185031101530489-1518x2048.jpg 1518w, https:\/\/www.auroratalo.fi\/wp-content\/uploads\/2025\/06\/IMG_20250524_130636_edit_185031101530489-44x60.jpg 44w, https:\/\/www.auroratalo.fi\/wp-content\/uploads\/2025\/06\/IMG_20250524_130636_edit_185031101530489-scaled.jpg 1898w\" sizes=\"auto, (max-width: 759px) 100vw, 759px\" \/><\/figure><\/div>\n\n\n<p class=\"has-text-align-center\">Espoon taiteilijakillan Noora Ylipietin Kev\u00e4\u00e4n kukoistus -paja!<\/p>\n\n\n\n<figure class=\"wp-block-image size-large\"><img loading=\"lazy\" decoding=\"async\" width=\"1024\" height=\"443\" src=\"https:\/\/www.auroratalo.fi\/wp-content\/uploads\/2025\/06\/DSC09087-1-1024x443.jpg\" alt=\"\" class=\"wp-image-1565\" srcset=\"https:\/\/www.auroratalo.fi\/wp-content\/uploads\/2025\/06\/DSC09087-1-1024x443.jpg 1024w, https:\/\/www.auroratalo.fi\/wp-content\/uploads\/2025\/06\/DSC09087-1-300x130.jpg 300w, https:\/\/www.auroratalo.fi\/wp-content\/uploads\/2025\/06\/DSC09087-1-150x65.jpg 150w, https:\/\/www.auroratalo.fi\/wp-content\/uploads\/2025\/06\/DSC09087-1-768x332.jpg 768w, https:\/\/www.auroratalo.fi\/wp-content\/uploads\/2025\/06\/DSC09087-1-1536x665.jpg 1536w, https:\/\/www.auroratalo.fi\/wp-content\/uploads\/2025\/06\/DSC09087-1-2048x887.jpg 2048w, https:\/\/www.auroratalo.fi\/wp-content\/uploads\/2025\/06\/DSC09087-1-139x60.jpg 139w\" sizes=\"auto, (max-width: 1024px) 100vw, 1024px\" \/><\/figure>\n\n\n\n<p class=\"has-text-align-center\">Improp\u00e5 viihdytti yleis\u00f6\u00e4 Loungessa!<\/p>\n\n\n\n<figure class=\"wp-block-image size-large\"><img loading=\"lazy\" decoding=\"async\" width=\"1024\" height=\"543\" src=\"https:\/\/www.auroratalo.fi\/wp-content\/uploads\/2025\/06\/DSC09097-1-1024x543.jpg\" alt=\"\" class=\"wp-image-1566\" srcset=\"https:\/\/www.auroratalo.fi\/wp-content\/uploads\/2025\/06\/DSC09097-1-1024x543.jpg 1024w, https:\/\/www.auroratalo.fi\/wp-content\/uploads\/2025\/06\/DSC09097-1-300x159.jpg 300w, https:\/\/www.auroratalo.fi\/wp-content\/uploads\/2025\/06\/DSC09097-1-150x79.jpg 150w, https:\/\/www.auroratalo.fi\/wp-content\/uploads\/2025\/06\/DSC09097-1-768x407.jpg 768w, https:\/\/www.auroratalo.fi\/wp-content\/uploads\/2025\/06\/DSC09097-1-1536x814.jpg 1536w, https:\/\/www.auroratalo.fi\/wp-content\/uploads\/2025\/06\/DSC09097-1-2048x1085.jpg 2048w, https:\/\/www.auroratalo.fi\/wp-content\/uploads\/2025\/06\/DSC09097-1-113x60.jpg 113w\" sizes=\"auto, (max-width: 1024px) 100vw, 1024px\" \/><\/figure>\n\n\n\n<p class=\"has-text-align-center\">Tapiolan lausujat esitti Timo Hildenin runoja Loungessa<\/p>\n\n\n<div class=\"wp-block-image\">\n<figure class=\"aligncenter size-large\"><img loading=\"lazy\" decoding=\"async\" width=\"683\" height=\"1024\" src=\"https:\/\/www.auroratalo.fi\/wp-content\/uploads\/2025\/06\/DSC09112-1-683x1024.jpg\" alt=\"\" class=\"wp-image-1569\" srcset=\"https:\/\/www.auroratalo.fi\/wp-content\/uploads\/2025\/06\/DSC09112-1-683x1024.jpg 683w, https:\/\/www.auroratalo.fi\/wp-content\/uploads\/2025\/06\/DSC09112-1-200x300.jpg 200w, https:\/\/www.auroratalo.fi\/wp-content\/uploads\/2025\/06\/DSC09112-1-100x150.jpg 100w, https:\/\/www.auroratalo.fi\/wp-content\/uploads\/2025\/06\/DSC09112-1-768x1152.jpg 768w, https:\/\/www.auroratalo.fi\/wp-content\/uploads\/2025\/06\/DSC09112-1-1024x1536.jpg 1024w, https:\/\/www.auroratalo.fi\/wp-content\/uploads\/2025\/06\/DSC09112-1-1365x2048.jpg 1365w, https:\/\/www.auroratalo.fi\/wp-content\/uploads\/2025\/06\/DSC09112-1-40x60.jpg 40w, https:\/\/www.auroratalo.fi\/wp-content\/uploads\/2025\/06\/DSC09112-1-scaled.jpg 1707w\" sizes=\"auto, (max-width: 683px) 100vw, 683px\" \/><\/figure><\/div>\n\n\n<p class=\"has-text-align-center\">Tomi Kristian Loungessa!<\/p>\n\n\n\n<figure class=\"wp-block-image size-large\"><img loading=\"lazy\" decoding=\"async\" width=\"1024\" height=\"580\" src=\"https:\/\/www.auroratalo.fi\/wp-content\/uploads\/2025\/06\/DSC09117-1-1024x580.jpg\" alt=\"\" class=\"wp-image-1570\" srcset=\"https:\/\/www.auroratalo.fi\/wp-content\/uploads\/2025\/06\/DSC09117-1-1024x580.jpg 1024w, https:\/\/www.auroratalo.fi\/wp-content\/uploads\/2025\/06\/DSC09117-1-300x170.jpg 300w, https:\/\/www.auroratalo.fi\/wp-content\/uploads\/2025\/06\/DSC09117-1-150x85.jpg 150w, https:\/\/www.auroratalo.fi\/wp-content\/uploads\/2025\/06\/DSC09117-1-768x435.jpg 768w, https:\/\/www.auroratalo.fi\/wp-content\/uploads\/2025\/06\/DSC09117-1-1536x870.jpg 1536w, https:\/\/www.auroratalo.fi\/wp-content\/uploads\/2025\/06\/DSC09117-1-2048x1160.jpg 2048w, https:\/\/www.auroratalo.fi\/wp-content\/uploads\/2025\/06\/DSC09117-1-106x60.jpg 106w\" sizes=\"auto, (max-width: 1024px) 100vw, 1024px\" \/><\/figure>\n\n\n\n<p class=\"has-text-align-center\">Duo Kaikuluotain Loungessa!<\/p>\n","protected":false},"excerpt":{"rendered":"<p>Puhallinseitsikko Auroran musisointi k\u00e4ynnisti p\u00e4iv\u00e4n! Espoon kaupunginjohtaja Kai Mykk\u00e4nen avasi tapahtuman Kaupunginjohtajan vierailu Espoo Artin kerroksessa Auroran koulun kuoro esiintyi yleis\u00f6lle, kuvassa kuoronjohtaja Arto Joutsim\u00e4ki Espoo Artin Liisa Knuuti keskustelee kaupunginjohtaja Kai Mykk\u00e4sen kanssa espoolaisuudesta Tr\u00e4sk\u00e4ndan kartanon yst\u00e4vien Jenni Nevalainen ojentaa Auroran koulun 4-luokkalaisten kirjaksi kootut terveiset kaupunginjohtajalle Espoon taiteilijakillan Noora Ylipietin Kev\u00e4\u00e4n kukoistus -paja! Improp\u00e5 viihdytti yleis\u00f6\u00e4 Loungessa! Tapiolan lausujat esitti Timo Hildenin runoja Loungessa Tomi Kristian Loungessa! Duo &hellip; <\/p>\n","protected":false},"author":1,"featured_media":1525,"comment_status":"closed","ping_status":"closed","sticky":false,"template":"","format":"standard","meta":{"footnotes":""},"categories":[2],"tags":[],"class_list":["post-1520","post","type-post","status-publish","format-standard","has-post-thumbnail","hentry","category-uutiset","latest_post"],"_links":{"self":[{"href":"https:\/\/www.auroratalo.fi\/index.php?rest_route=\/wp\/v2\/posts\/1520","targetHints":{"allow":["GET"]}}],"collection":[{"href":"https:\/\/www.auroratalo.fi\/index.php?rest_route=\/wp\/v2\/posts"}],"about":[{"href":"https:\/\/www.auroratalo.fi\/index.php?rest_route=\/wp\/v2\/types\/post"}],"author":[{"embeddable":true,"href":"https:\/\/www.auroratalo.fi\/index.php?rest_route=\/wp\/v2\/users\/1"}],"replies":[{"embeddable":true,"href":"https:\/\/www.auroratalo.fi\/index.php?rest_route=%2Fwp%2Fv2%2Fcomments&post=1520"}],"version-history":[{"count":10,"href":"https:\/\/www.auroratalo.fi\/index.php?rest_route=\/wp\/v2\/posts\/1520\/revisions"}],"predecessor-version":[{"id":1579,"href":"https:\/\/www.auroratalo.fi\/index.php?rest_route=\/wp\/v2\/posts\/1520\/revisions\/1579"}],"wp:featuredmedia":[{"embeddable":true,"href":"https:\/\/www.auroratalo.fi\/index.php?rest_route=\/wp\/v2\/media\/1525"}],"wp:attachment":[{"href":"https:\/\/www.auroratalo.fi\/index.php?rest_route=%2Fwp%2Fv2%2Fmedia&parent=1520"}],"wp:term":[{"taxonomy":"category","embeddable":true,"href":"https:\/\/www.auroratalo.fi\/index.php?rest_route=%2Fwp%2Fv2%2Fcategories&post=1520"},{"taxonomy":"post_tag","embeddable":true,"href":"https:\/\/www.auroratalo.fi\/index.php?rest_route=%2Fwp%2Fv2%2Ftags&post=1520"}],"curies":[{"name":"wp","href":"https:\/\/api.w.org\/{rel}","templated":true}]}}