{"id":1648,"date":"2025-08-22T14:02:45","date_gmt":"2025-08-22T14:02:45","guid":{"rendered":"https:\/\/www.auroratalo.fi\/?p=1648"},"modified":"2025-09-24T14:34:07","modified_gmt":"2025-09-24T14:34:07","slug":"espoo-paivan-ohjelmistoa","status":"publish","type":"post","link":"https:\/\/www.auroratalo.fi\/?p=1648","title":{"rendered":"Espoo-p\u00e4iv\u00e4n ohjelmistoa!"},"content":{"rendered":"\n<p>Talomme runsaasta Espoo-piv\u00e4n ohjelmistosta esittelyss\u00e4 nyt Espoo Art ry:n tarjontaa:<\/p>\n\n\n\n<p>Espoo Artin avoimet ovet Espoo-p\u00e4iv\u00e4n\u00e4!<br>Auroratalossa, 2. krs klo 10\u201317.<\/p>\n\n\n\n<p>Tule tapaamaan taiteilijoita ja kurkista ty\u00f6huoneisiin, osallistu rentoon croquis-piirustukseen, l\u00e4hde taidesuunnistukseen ja voita taidepalkintoja! Aulatiloissa kohtaat taiteilijoita ja n\u00e4et heid\u00e4n uusimpia t\u00f6it\u00e4\u00e4n.<\/p>\n\n\n\n<p>Lis\u00e4ksi luvassa:<br><img loading=\"lazy\" decoding=\"async\" height=\"16\" width=\"16\" alt=\"\u2728\" src=\"https:\/\/static.xx.fbcdn.net\/images\/emoji.php\/v9\/tf4\/1\/16\/2728.png\"> Auroran Valo -pimi\u00f6 &amp; syanotypiapaja<br><img loading=\"lazy\" decoding=\"async\" height=\"16\" width=\"16\" alt=\"\ud83c\udf9f\ufe0f\" src=\"https:\/\/static.xx.fbcdn.net\/images\/emoji.php\/v9\/td8\/1\/16\/1f39f.png\"> Mahtavat taidearpajaiset<\/p>\n\n\n\n<p>Samalla kertaa kannattaa piipahtaa my\u00f6s alakerran k\u00e4yt\u00e4v\u00e4galleriassa, jossa Kuninkaantien taiteilijoiden juhlan\u00e4yttely, sek\u00e4 nauttia Tr\u00e4sk\u00e4ndan puiston monipuolisesta ohjelmasta Tr\u00e4sk\u00e4ndan kartanon yst\u00e4vien j\u00e4rjest\u00e4m\u00e4n\u00e4.<\/p>\n\n\n\n<p><img loading=\"lazy\" decoding=\"async\" height=\"16\" width=\"16\" alt=\"\ud83d\udc49\" src=\"https:\/\/static.xx.fbcdn.net\/images\/emoji.php\/v9\/t51\/1\/16\/1f449.png\"> L\u00e4mpim\u00e4sti tervetuloa viett\u00e4m\u00e4\u00e4n taiteen t\u00e4yteist\u00e4 Espoo-p\u00e4iv\u00e4\u00e4 kanssamme!<\/p>\n\n\n\n<figure class=\"wp-block-image size-large\"><img loading=\"lazy\" decoding=\"async\" width=\"1024\" height=\"1024\" src=\"https:\/\/www.auroratalo.fi\/wp-content\/uploads\/2025\/08\/IG-banneri-1920-x-1920-px1-1024x1024.jpg\" alt=\"\" class=\"wp-image-1650\" srcset=\"https:\/\/www.auroratalo.fi\/wp-content\/uploads\/2025\/08\/IG-banneri-1920-x-1920-px1-1024x1024.jpg 1024w, https:\/\/www.auroratalo.fi\/wp-content\/uploads\/2025\/08\/IG-banneri-1920-x-1920-px1-300x300.jpg 300w, https:\/\/www.auroratalo.fi\/wp-content\/uploads\/2025\/08\/IG-banneri-1920-x-1920-px1-150x150.jpg 150w, https:\/\/www.auroratalo.fi\/wp-content\/uploads\/2025\/08\/IG-banneri-1920-x-1920-px1-768x768.jpg 768w, https:\/\/www.auroratalo.fi\/wp-content\/uploads\/2025\/08\/IG-banneri-1920-x-1920-px1-1536x1536.jpg 1536w, https:\/\/www.auroratalo.fi\/wp-content\/uploads\/2025\/08\/IG-banneri-1920-x-1920-px1-60x60.jpg 60w, https:\/\/www.auroratalo.fi\/wp-content\/uploads\/2025\/08\/IG-banneri-1920-x-1920-px1.jpg 1920w\" sizes=\"auto, (max-width: 1024px) 100vw, 1024px\" \/><\/figure>\n","protected":false},"excerpt":{"rendered":"<p>Talomme runsaasta Espoo-piv\u00e4n ohjelmistosta esittelyss\u00e4 nyt Espoo Art ry:n tarjontaa: Espoo Artin avoimet ovet Espoo-p\u00e4iv\u00e4n\u00e4!Auroratalossa, 2. krs klo 10\u201317. Tule tapaamaan taiteilijoita ja kurkista ty\u00f6huoneisiin, osallistu rentoon croquis-piirustukseen, l\u00e4hde taidesuunnistukseen ja voita taidepalkintoja! Aulatiloissa kohtaat taiteilijoita ja n\u00e4et heid\u00e4n uusimpia t\u00f6it\u00e4\u00e4n. Lis\u00e4ksi luvassa: Auroran Valo -pimi\u00f6 &amp; syanotypiapaja Mahtavat taidearpajaiset Samalla kertaa kannattaa piipahtaa my\u00f6s alakerran k\u00e4yt\u00e4v\u00e4galleriassa, jossa Kuninkaantien taiteilijoiden juhlan\u00e4yttely, sek\u00e4 nauttia Tr\u00e4sk\u00e4ndan puiston monipuolisesta ohjelmasta Tr\u00e4sk\u00e4ndan kartanon yst\u00e4vien &hellip; <\/p>\n","protected":false},"author":1,"featured_media":1649,"comment_status":"closed","ping_status":"closed","sticky":false,"template":"","format":"standard","meta":{"footnotes":""},"categories":[5],"tags":[],"class_list":["post-1648","post","type-post","status-publish","format-standard","has-post-thumbnail","hentry","category-tapahtumat","latest_post"],"_links":{"self":[{"href":"https:\/\/www.auroratalo.fi\/index.php?rest_route=\/wp\/v2\/posts\/1648","targetHints":{"allow":["GET"]}}],"collection":[{"href":"https:\/\/www.auroratalo.fi\/index.php?rest_route=\/wp\/v2\/posts"}],"about":[{"href":"https:\/\/www.auroratalo.fi\/index.php?rest_route=\/wp\/v2\/types\/post"}],"author":[{"embeddable":true,"href":"https:\/\/www.auroratalo.fi\/index.php?rest_route=\/wp\/v2\/users\/1"}],"replies":[{"embeddable":true,"href":"https:\/\/www.auroratalo.fi\/index.php?rest_route=%2Fwp%2Fv2%2Fcomments&post=1648"}],"version-history":[{"count":2,"href":"https:\/\/www.auroratalo.fi\/index.php?rest_route=\/wp\/v2\/posts\/1648\/revisions"}],"predecessor-version":[{"id":1663,"href":"https:\/\/www.auroratalo.fi\/index.php?rest_route=\/wp\/v2\/posts\/1648\/revisions\/1663"}],"wp:featuredmedia":[{"embeddable":true,"href":"https:\/\/www.auroratalo.fi\/index.php?rest_route=\/wp\/v2\/media\/1649"}],"wp:attachment":[{"href":"https:\/\/www.auroratalo.fi\/index.php?rest_route=%2Fwp%2Fv2%2Fmedia&parent=1648"}],"wp:term":[{"taxonomy":"category","embeddable":true,"href":"https:\/\/www.auroratalo.fi\/index.php?rest_route=%2Fwp%2Fv2%2Fcategories&post=1648"},{"taxonomy":"post_tag","embeddable":true,"href":"https:\/\/www.auroratalo.fi\/index.php?rest_route=%2Fwp%2Fv2%2Ftags&post=1648"}],"curies":[{"name":"wp","href":"https:\/\/api.w.org\/{rel}","templated":true}]}}