{"id":1712,"date":"2025-11-13T16:03:17","date_gmt":"2025-11-13T16:03:17","guid":{"rendered":"https:\/\/www.auroratalo.fi\/?p=1712"},"modified":"2025-11-13T16:04:12","modified_gmt":"2025-11-13T16:04:12","slug":"joulutapahtuma-tulossa","status":"publish","type":"post","link":"https:\/\/www.auroratalo.fi\/?p=1712","title":{"rendered":"Joulutapahtuma tulossa!"},"content":{"rendered":"\n<p>L\u00e4mpim\u00e4sti tervetuloa koko perheen joulutapahtumaan! <img loading=\"lazy\" decoding=\"async\" height=\"16\" width=\"16\" src=\"https:\/\/static.xx.fbcdn.net\/images\/emoji.php\/v9\/t7\/1\/16\/1f384.png\" alt=\"\ud83c\udf84\"><\/p>\n\n\n\n<p><strong>Ohjelmassa:<\/strong><\/p>\n\n\n\n<p><img loading=\"lazy\" decoding=\"async\" height=\"16\" width=\"16\" src=\"https:\/\/static.xx.fbcdn.net\/images\/emoji.php\/v9\/t88\/1\/16\/1f385.png\" alt=\"\ud83c\udf85\"> klo 10-12 Joulupukki<br><img loading=\"lazy\" decoding=\"async\" height=\"16\" width=\"16\" src=\"https:\/\/static.xx.fbcdn.net\/images\/emoji.php\/v9\/t2d\/1\/16\/1f434.png\" alt=\"\ud83d\udc34\"> klo 11-13 Hevosajelu<br><img loading=\"lazy\" decoding=\"async\" height=\"16\" width=\"16\" src=\"https:\/\/static.xx.fbcdn.net\/images\/emoji.php\/v9\/t1f\/1\/16\/1f3b6.png\" alt=\"\ud83c\udfb6\"> klo 12-12.30 Joululaulutilaisuus<br><img loading=\"lazy\" decoding=\"async\" height=\"16\" width=\"16\" src=\"https:\/\/static.xx.fbcdn.net\/images\/emoji.php\/v9\/t1f\/1\/16\/1f3b6.png\" alt=\"\ud83c\udfb6\"> klo 14-14.30 Joululaulutilaisuus<br><img loading=\"lazy\" decoding=\"async\" height=\"16\" width=\"16\" src=\"https:\/\/static.xx.fbcdn.net\/images\/emoji.php\/v9\/tb9\/1\/16\/1f58d.png\" alt=\"\ud83d\udd8d\ufe0f\"> klo 10-16 Jouluinen ty\u00f6paja<br><img loading=\"lazy\" decoding=\"async\" height=\"16\" width=\"16\" src=\"https:\/\/static.xx.fbcdn.net\/images\/emoji.php\/v9\/t84\/1\/16\/1f381.png\" alt=\"\ud83c\udf81\"> klo 10-16 Joulumyyj\u00e4iset<br><img loading=\"lazy\" decoding=\"async\" height=\"16\" width=\"16\" src=\"https:\/\/static.xx.fbcdn.net\/images\/emoji.php\/v9\/tac\/1\/16\/1f3ab.png\" alt=\"\ud83c\udfab\"> klo 10-16 Arpajaiset<br><img loading=\"lazy\" decoding=\"async\" height=\"16\" width=\"16\" src=\"https:\/\/static.xx.fbcdn.net\/images\/emoji.php\/v9\/t4e\/1\/16\/1f5bc.png\" alt=\"\ud83d\uddbc\ufe0f\"> klo 10-16 Vanhoja valokuvia Tr\u00e4skandasta \u2013 valokuvan\u00e4yttely<\/p>\n\n\n\n<p><strong>Lis\u00e4ksi:<\/strong><\/p>\n\n\n\n<p><img loading=\"lazy\" decoding=\"async\" height=\"16\" width=\"16\" src=\"https:\/\/static.xx.fbcdn.net\/images\/emoji.php\/v9\/t82\/1\/16\/1f3a8.png\" alt=\"\ud83c\udfa8\"> Espoo Art ry:n tiloissa on avoimet ovet.<br><img loading=\"lazy\" decoding=\"async\" height=\"16\" width=\"16\" src=\"https:\/\/static.xx.fbcdn.net\/images\/emoji.php\/v9\/t1d\/1\/16\/1f3b4.png\" alt=\"\ud83c\udfb4\"> Auroran Valo- pimi\u00f6 ja studio j\u00e4rjest\u00e4\u00e4 joulukorttipajan.<br><img loading=\"lazy\" decoding=\"async\" height=\"16\" width=\"16\" src=\"https:\/\/static.xx.fbcdn.net\/images\/emoji.php\/v9\/tb\/1\/16\/1f300.png\" alt=\"\ud83c\udf00\"> Omnian opiskelijat j\u00e4rjest\u00e4v\u00e4t joululabyrintin.<br><img loading=\"lazy\" decoding=\"async\" height=\"16\" width=\"16\" src=\"https:\/\/static.xx.fbcdn.net\/images\/emoji.php\/v9\/t7e\/1\/16\/1f4c5.png\" alt=\"\ud83d\udcc5\"> Partiolaiset paikalla myym\u00e4ss\u00e4 joulukalentereita.<\/p>\n\n\n\n<p><strong>Ruoka &amp; Juoma:<\/strong><\/p>\n\n\n\n<p><img loading=\"lazy\" decoding=\"async\" height=\"16\" width=\"16\" src=\"https:\/\/static.xx.fbcdn.net\/images\/emoji.php\/v9\/t7d\/1\/16\/1f32d.png\" alt=\"\ud83c\udf2d\"> Auroran koulun 5-luokka<br><img loading=\"lazy\" decoding=\"async\" height=\"16\" width=\"16\" src=\"https:\/\/static.xx.fbcdn.net\/images\/emoji.php\/v9\/t91\/1\/16\/2615.png\" alt=\"\u2615\"> Kahvila Auringonkukka<br><img loading=\"lazy\" decoding=\"async\" height=\"16\" width=\"16\" src=\"https:\/\/static.xx.fbcdn.net\/images\/emoji.php\/v9\/tbf\/1\/16\/1f9c1.png\" alt=\"\ud83e\uddc1\"> Piparkakkutalo kahvila Uken<\/p>\n\n\n\n<p><strong>Tapahtuma-alueen kartta<\/strong><\/p>\n\n\n\n<figure class=\"wp-block-image\"><img decoding=\"async\" src=\"https:\/\/traskandankartano.fi\/wp-content\/uploads\/2025\/11\/Traskandan-Joulu-tapahtumakartta-jaettavaksi-tapahtumakavijoille-30.11-1024x724.png\" alt=\"\" class=\"wp-image-850\"\/><\/figure>\n\n\n\n<p><strong>SAAPUMISOHJEET<\/strong><\/p>\n\n\n\n<p>Tapahtuma j\u00e4rjestet\u00e4\u00e4n Tr\u00e4sk\u00e4ndan kartanonpuistossa. Tapahtuma-alue on merkitty kuvaan punaisella rinkulalla.<\/p>\n\n\n\n<figure class=\"wp-block-image\"><img decoding=\"async\" src=\"https:\/\/traskandankartano.fi\/wp-content\/uploads\/2022\/11\/Saapumisohjeet-Traskandan-joulu_low-1024x695.jpg\" alt=\"\" class=\"wp-image-626\"\/><\/figure>\n\n\n\n<p><strong>Julkinen liikenne<\/strong><\/p>\n\n\n\n<p>Tr\u00e4sk\u00e4ndan kartanopuistoon p\u00e4\u00e4see hyvin HSL:n busseilla. Julkisen liikenteen bussipys\u00e4kit on merkitty kuvaan. Lippaj\u00e4rvi on B-vy\u00f6hykkeen puolella ja J\u00e4rvenper\u00e4 C-vy\u00f6hykkeen puolella.<\/p>\n\n\n\n<p>Alueelle liikenn\u00f6iv\u00e4t viikonloppuisin bussit:<\/p>\n\n\n\n<ul class=\"wp-block-list\">\n<li>227 Lepp\u00e4vaaran asema \u2013 Jorvi<\/li>\n\n\n\n<li>236 Serena \u2013 Lepp\u00e4vaara as.<\/li>\n\n\n\n<li>239 Kalaj\u00e4rven keskus \u2013 Lepp\u00e4vaara as.<\/li>\n\n\n\n<li>530 Myyrm\u00e4en asema \u2013 Matinkyl\u00e4 (M)<\/li>\n\n\n\n<li>533 Matinristi \u2013 J\u00e4rvenper\u00e4<\/li>\n\n\n\n<li>582 Kalaj\u00e4rven keskus \u2013 Espoontori<\/li>\n<\/ul>\n\n\n\n<p><strong>Pys\u00e4k\u00f6inti<\/strong><\/p>\n\n\n\n<p>Autolla tuleville pys\u00e4k\u00f6intimahdollisuudet ovat rajalliset. Puiston oma parkkipaikka sijaitsee osoitteessa Tr\u00e4sk\u00e4ndanristi 5. Liikuntaesteisille (LE) autopaikkoja on vain yksi. Alla kohdassa esteett\u00f6myys lis\u00e4tietoja.<\/p>\n\n\n\n<p>Autoja voi j\u00e4tt\u00e4\u00e4 my\u00f6s kuvassakin osoitettuihin paikkoihin J\u00e4rvenper\u00e4n koululle (Auroranm\u00e4ki 1) sek\u00e4 Auroran koululle (Lippaj\u00e4rventie 44).<\/p>\n\n\n\n<p><strong>WC<\/strong><\/p>\n\n\n\n<p>Auroratalon katutasosta sek\u00e4 Piparkakkutalo Kahvila Ukenista l\u00f6ytyv\u00e4t wc:t.<\/p>\n\n\n\n<p><strong>Esteett\u00f6myys<\/strong><\/p>\n\n\n\n<p>Puistossa on hyv\u00e4t esteett\u00f6m\u00e4t kulkuv\u00e4yl\u00e4t ja samoin Auroratalon alimmassa kerroksessa, jonne on esteet\u00f6n p\u00e4\u00e4sy. Samoin piha-alueella on leve\u00e4t kulkuv\u00e4yl\u00e4t ja mahdollisuus liikkua esteett\u00f6m\u00e4sti. Auroratalo on entinen vanhainkoti, joka rakennettiin 50-luvulla. T\u00e4lt\u00e4 osin rakennuksessa on huomioitu esteet\u00f6n kulku, mutta rakennus on vanha, eiv\u00e4tk\u00e4 kaikki ratkaisut en\u00e4\u00e4 t\u00e4yt\u00e4 t\u00e4m\u00e4n p\u00e4iv\u00e4n esteett\u00f6myysvaatimuksia. Esteet\u00f6n sis\u00e4\u00e4nk\u00e4ynti sis\u00e4tiloihin onnistuu E-ovesta eli p\u00e4\u00e4sis\u00e4\u00e4nk\u00e4ynnist\u00e4.<\/p>\n\n\n\n<p>Kiinteist\u00f6ss\u00e4 on vain yksi liikuntaesteisen (LE) autopaikka, joka sijaitsee Auroratalon takana osoitteessa Kuninkaantie 43 (eri osoite kuin puiston muu pys\u00e4k\u00f6intialue Tr\u00e4sk\u00e4ndanristi 5).<\/p>\n\n\n\n<p>Esteet\u00f6n wc l\u00f6ytyy sek\u00e4 Auroratalon alakerrasta, ett\u00e4 Lasten kulttuurikeskus Aurorasta.<\/p>\n\n\n\n<p><strong>Tapahtuman j\u00e4rjest\u00e4j\u00e4t<\/strong><\/p>\n\n\n\n<p>Tapahtuman j\u00e4rjest\u00e4\u00e4 Tr\u00e4sk\u00e4ndan kartanon yst\u00e4vien kanssa mm.<\/p>\n\n\n\n<ul class=\"wp-block-list\">\n<li><a href=\"http:\/\/www.espooart.fi\/\" target=\"_blank\" rel=\"noreferrer noopener\"><strong>Espoo Art ry<\/strong> (espooart.fi)<\/a><\/li>\n\n\n\n<li><a href=\"https:\/\/www.auroranvalo.com\/\" target=\"_blank\" rel=\"noreferrer noopener\"><strong>Auroran Valo -pimi\u00f6 ja studio<\/strong> (auroranvalo.com)<\/a><\/li>\n\n\n\n<li><a href=\"https:\/\/auringonkukkakahvila.fi\/\" target=\"_blank\" rel=\"noreferrer noopener\"><strong>Kahvila Auringonkukka<\/strong> (auringonkukkakahvila.fi)<\/a><\/li>\n\n\n\n<li><a href=\"https:\/\/www.facebook.com\/profile.php?id=61574420512789\" target=\"_blank\" rel=\"noreferrer noopener\"><strong>Piparkakkutalo kahvila Uken<\/strong> (facebook.com)<\/a><\/li>\n\n\n\n<li><a href=\"https:\/\/jarvihaukat.fi\/\" target=\"_blank\" rel=\"noreferrer noopener\"><strong>Partio: J\u00e4rvihaukat lippukunta<\/strong> (jarvihaukat.fi)<\/a><\/li>\n<\/ul>\n\n\n\n<p>Tapahtumasta voi kysy\u00e4 lis\u00e4\u00e4 s\u00e4hk\u00f6postitse <a href=\"mailto:info@traskandankartano.fi\">info@traskandankartano.fi<\/a>.<\/p>\n\n\n\n<p><strong>Tapahtumaa tukee<\/strong><\/p>\n\n\n\n<p><a href=\"https:\/\/www.espoo.fi\/fi\/kulttuuriespoo-kulttuuritarjonta-samassa-osoitteessa\">Espoon kaupungin<\/a> kulttuurin vuosiavustus mahdollistaa tapahtuman j\u00e4rjest\u00e4misen.<\/p>\n\n\n\n<p><a href=\"https:\/\/www.anyspace.fi\/\" target=\"_blank\" rel=\"noreferrer noopener\">Anyspace Oy<\/a> tukee tapahtuman j\u00e4rjest\u00e4mist\u00e4 <a href=\"https:\/\/www.auroratalo.fi\/\" target=\"_blank\" rel=\"noreferrer noopener\">Auroratalon<\/a> tiloissa. Lis\u00e4tietoja tiloista <a href=\"https:\/\/www.anyspace.fi\/tila\/kuninkaantie-43-espoo-jarvenpera-5\/\" target=\"_blank\" rel=\"noreferrer noopener\">Anyspacen sivuilla<\/a>.<\/p>\n\n\n\n<figure class=\"wp-block-image\"><img decoding=\"async\" src=\"https:\/\/traskandankartano.fi\/wp-content\/uploads\/2025\/11\/Traskandan-Joulu-tapahtumakartta-jaettavaksi-tapahtumakavijoille-30.11-3-1-1024x724.jpg\" alt=\"\" class=\"wp-image-841\"\/><\/figure>\n\n\n\n<p>L\u00e4hde:<\/p>\n\n\n\n<h2 class=\"wp-block-heading\">Tr\u00e4sk\u00e4ndan kartanon yst\u00e4v\u00e4t ry.<strong><br><\/strong><br><\/h2>\n","protected":false},"excerpt":{"rendered":"<p>L\u00e4mpim\u00e4sti tervetuloa koko perheen joulutapahtumaan! Ohjelmassa: klo 10-12 Joulupukki klo 11-13 Hevosajelu klo 12-12.30 Joululaulutilaisuus klo 14-14.30 Joululaulutilaisuus klo 10-16 Jouluinen ty\u00f6paja klo 10-16 Joulumyyj\u00e4iset klo 10-16 Arpajaiset klo 10-16 Vanhoja valokuvia Tr\u00e4skandasta \u2013 valokuvan\u00e4yttely Lis\u00e4ksi: Espoo Art ry:n tiloissa on avoimet ovet. Auroran Valo- pimi\u00f6 ja studio j\u00e4rjest\u00e4\u00e4 joulukorttipajan. Omnian opiskelijat j\u00e4rjest\u00e4v\u00e4t joululabyrintin. Partiolaiset paikalla myym\u00e4ss\u00e4 joulukalentereita. Ruoka &amp; Juoma: Auroran koulun 5-luokka Kahvila Auringonkukka Piparkakkutalo kahvila Uken Tapahtuma-alueen &hellip; <\/p>\n","protected":false},"author":1,"featured_media":1713,"comment_status":"closed","ping_status":"closed","sticky":false,"template":"","format":"standard","meta":{"footnotes":""},"categories":[5,2],"tags":[],"class_list":["post-1712","post","type-post","status-publish","format-standard","has-post-thumbnail","hentry","category-tapahtumat","category-uutiset","latest_post"],"_links":{"self":[{"href":"https:\/\/www.auroratalo.fi\/index.php?rest_route=\/wp\/v2\/posts\/1712","targetHints":{"allow":["GET"]}}],"collection":[{"href":"https:\/\/www.auroratalo.fi\/index.php?rest_route=\/wp\/v2\/posts"}],"about":[{"href":"https:\/\/www.auroratalo.fi\/index.php?rest_route=\/wp\/v2\/types\/post"}],"author":[{"embeddable":true,"href":"https:\/\/www.auroratalo.fi\/index.php?rest_route=\/wp\/v2\/users\/1"}],"replies":[{"embeddable":true,"href":"https:\/\/www.auroratalo.fi\/index.php?rest_route=%2Fwp%2Fv2%2Fcomments&post=1712"}],"version-history":[{"count":1,"href":"https:\/\/www.auroratalo.fi\/index.php?rest_route=\/wp\/v2\/posts\/1712\/revisions"}],"predecessor-version":[{"id":1714,"href":"https:\/\/www.auroratalo.fi\/index.php?rest_route=\/wp\/v2\/posts\/1712\/revisions\/1714"}],"wp:featuredmedia":[{"embeddable":true,"href":"https:\/\/www.auroratalo.fi\/index.php?rest_route=\/wp\/v2\/media\/1713"}],"wp:attachment":[{"href":"https:\/\/www.auroratalo.fi\/index.php?rest_route=%2Fwp%2Fv2%2Fmedia&parent=1712"}],"wp:term":[{"taxonomy":"category","embeddable":true,"href":"https:\/\/www.auroratalo.fi\/index.php?rest_route=%2Fwp%2Fv2%2Fcategories&post=1712"},{"taxonomy":"post_tag","embeddable":true,"href":"https:\/\/www.auroratalo.fi\/index.php?rest_route=%2Fwp%2Fv2%2Ftags&post=1712"}],"curies":[{"name":"wp","href":"https:\/\/api.w.org\/{rel}","templated":true}]}}