{"id":550,"date":"2022-06-23T08:51:18","date_gmt":"2022-06-23T08:51:18","guid":{"rendered":"https:\/\/www.auroratalo.fi\/?p=550"},"modified":"2022-09-14T05:38:21","modified_gmt":"2022-09-14T05:38:21","slug":"senioripaku-puistossamme","status":"publish","type":"post","link":"https:\/\/www.auroratalo.fi\/?p=550","title":{"rendered":"Senioripaku vieraili puistossamme tiistaina 28.6. klo 13.30-15.00"},"content":{"rendered":"\n<p>Espoon Senioripaku tuo mielek\u00e4st\u00e4 tekemist\u00e4 ik\u00e4ihmisten luokse. Senioripaku pys\u00e4htyy ennalta sovituille pys\u00e4keille kes\u00e4n 2022 ajan.<\/p>\n\n\n\n<p>Senioripakun tarjoaa ik\u00e4ihmisille pys\u00e4keill\u00e4 neuvontaa, liikunnanohjausta, jumppa- ja tanssihetki\u00e4, monipuolisia taide- ja kulttuurisis\u00e4lt\u00f6j\u00e4 ja mahdollistaa aidon yhdess\u00e4 tekemisen.&nbsp;Senioripakun toiminta on osa <a href=\"https:\/\/www.espoo.fi\/fi\/juhlan-aika-espoo-tayttaa-50-vuotta-kaupunkina\">Espoo 50 -teemavuoden<\/a> sis\u00e4lt\u00f6j\u00e4.&nbsp;<\/p>\n\n\n\n<p>Senioripaku kiert\u00e4\u00e4 toukokuusta syyskuuhun Espoossa tiistaisin ja torstaisin klo 13.30-15.00 pys\u00e4kkiaikataulun mukaisesti. (L\u00e4hde: Espoon kaupunki)<\/p>\n\n\n\n<p><a href=\"https:\/\/www.espoo.fi\/fi\/tukea-arkeen\/seniorit\/espoon-senioripaku\">Espoon kauupungin senioripakusivulle<\/a><\/p>\n\n\n\n<p><a href=\"https:\/\/www.facebook.com\/events\/436885894946564\/?acontext=%7B%22ref%22%3A%2252%22%2C%22action_history%22%3A%22[%7B%5C%22surface%5C%22%3A%5C%22share_link%5C%22%2C%5C%22mechanism%5C%22%3A%5C%22share_link%5C%22%2C%5C%22extra_data%5C%22%3A%7B%5C%22invite_link_id%5C%22%3A514496883808459%7D%7D]%22%7D\">Senioripakun facebook<\/a><\/p>\n","protected":false},"excerpt":{"rendered":"<p>Espoon Senioripaku tuo mielek\u00e4st\u00e4 tekemist\u00e4 ik\u00e4ihmisten luokse. Senioripaku pys\u00e4htyy ennalta sovituille pys\u00e4keille kes\u00e4n 2022 ajan. Senioripakun tarjoaa ik\u00e4ihmisille pys\u00e4keill\u00e4 neuvontaa, liikunnanohjausta, jumppa- ja tanssihetki\u00e4, monipuolisia taide- ja kulttuurisis\u00e4lt\u00f6j\u00e4 ja mahdollistaa aidon yhdess\u00e4 tekemisen.&nbsp;Senioripakun toiminta on osa Espoo 50 -teemavuoden sis\u00e4lt\u00f6j\u00e4.&nbsp; Senioripaku kiert\u00e4\u00e4 toukokuusta syyskuuhun Espoossa tiistaisin ja torstaisin klo 13.30-15.00 pys\u00e4kkiaikataulun mukaisesti. (L\u00e4hde: Espoon kaupunki) Espoon kauupungin senioripakusivulle Senioripakun facebook<\/p>\n","protected":false},"author":1,"featured_media":583,"comment_status":"open","ping_status":"open","sticky":false,"template":"","format":"standard","meta":{"footnotes":""},"categories":[5],"tags":[],"class_list":["post-550","post","type-post","status-publish","format-standard","has-post-thumbnail","hentry","category-tapahtumat","latest_post"],"_links":{"self":[{"href":"https:\/\/www.auroratalo.fi\/index.php?rest_route=\/wp\/v2\/posts\/550","targetHints":{"allow":["GET"]}}],"collection":[{"href":"https:\/\/www.auroratalo.fi\/index.php?rest_route=\/wp\/v2\/posts"}],"about":[{"href":"https:\/\/www.auroratalo.fi\/index.php?rest_route=\/wp\/v2\/types\/post"}],"author":[{"embeddable":true,"href":"https:\/\/www.auroratalo.fi\/index.php?rest_route=\/wp\/v2\/users\/1"}],"replies":[{"embeddable":true,"href":"https:\/\/www.auroratalo.fi\/index.php?rest_route=%2Fwp%2Fv2%2Fcomments&post=550"}],"version-history":[{"count":4,"href":"https:\/\/www.auroratalo.fi\/index.php?rest_route=\/wp\/v2\/posts\/550\/revisions"}],"predecessor-version":[{"id":584,"href":"https:\/\/www.auroratalo.fi\/index.php?rest_route=\/wp\/v2\/posts\/550\/revisions\/584"}],"wp:featuredmedia":[{"embeddable":true,"href":"https:\/\/www.auroratalo.fi\/index.php?rest_route=\/wp\/v2\/media\/583"}],"wp:attachment":[{"href":"https:\/\/www.auroratalo.fi\/index.php?rest_route=%2Fwp%2Fv2%2Fmedia&parent=550"}],"wp:term":[{"taxonomy":"category","embeddable":true,"href":"https:\/\/www.auroratalo.fi\/index.php?rest_route=%2Fwp%2Fv2%2Fcategories&post=550"},{"taxonomy":"post_tag","embeddable":true,"href":"https:\/\/www.auroratalo.fi\/index.php?rest_route=%2Fwp%2Fv2%2Ftags&post=550"}],"curies":[{"name":"wp","href":"https:\/\/api.w.org\/{rel}","templated":true}]}}